{"id":8999,"global_id":"museum90.com\/en\/?id=8999","global_id_lineage":["museum90.com\/en\/?id=8999"],"author":"1","status":"publish","date":"2025-06-21 10:17:24","date_utc":"2025-06-21 10:17:24","modified":"2025-11-08 11:40:32","modified_utc":"2025-11-08 11:40:32","url":"https:\/\/museum90.com\/en\/event\/booking-balkan-lidija-dedus-ognjenka-lakicevic\/","rest_url":"https:\/\/museum90.com\/en\/wp-json\/tribe\/events\/v1\/events\/8999","title":"Booking Balkan &#8211; Lidija Dedu\u0161, Ognjenka Laki\u0107evi\u0107","description":"<p>As part of the <em>Booking Balkan<\/em> program, poets Lidija Dedu\u0161 (Croatia) and Ognjenka Laki\u0107evi\u0107 (Serbia) discussed themes of resistance, women&#8217;s experience, critiques of contemporary society, as well as questions of freedom, the rise of fascism, activism, and patriarchy.<\/p>\n<p>Their poetry, shaped by both personal and collective perspectives and rooted in growing up during the 1990s, partly illuminates that decade\u2014its wars, loss of identity, and the struggle to confront its legacy\u2014forming a powerful artistic response to the traumas of the post-Yugoslav space. It also preserves empathy in a time that often denies its own wounds.<\/p>","excerpt":"<p>As part of the Booking Balkan program, poets Lidija Dedu\u0161 (Croatia) and Ognjenka Laki\u0107evi\u0107 (Serbia) discussed themes of resistance, women&#8217;s experience&#8230;<\/p>","slug":"booking-balkan-lidija-dedus-ognjenka-lakicevic","image":{"url":"https:\/\/museum90.com\/wp-content\/uploads\/2025\/09\/2-Booking-Balkan-Lidija-Dedus-i-Ognjenka-Lakicevic.jpg","id":8996,"extension":"jpg","width":1320,"height":780,"filesize":463270,"sizes":{"medium":{"width":300,"height":177,"mime-type":"image\/jpeg","filesize":23944,"url":"https:\/\/museum90.com\/wp-content\/uploads\/2025\/09\/2-Booking-Balkan-Lidija-Dedus-i-Ognjenka-Lakicevic-300x177.jpg"},"large":{"width":1024,"height":605,"mime-type":"image\/jpeg","filesize":111543,"url":"https:\/\/museum90.com\/wp-content\/uploads\/2025\/09\/2-Booking-Balkan-Lidija-Dedus-i-Ognjenka-Lakicevic-1024x605.jpg"},"thumbnail":{"width":150,"height":150,"mime-type":"image\/jpeg","filesize":16683,"url":"https:\/\/museum90.com\/wp-content\/uploads\/2025\/09\/2-Booking-Balkan-Lidija-Dedus-i-Ognjenka-Lakicevic-150x150.jpg"},"medium_large":{"width":768,"height":454,"mime-type":"image\/jpeg","filesize":75337,"url":"https:\/\/museum90.com\/wp-content\/uploads\/2025\/09\/2-Booking-Balkan-Lidija-Dedus-i-Ognjenka-Lakicevic-768x454.jpg"},"loquet-thumbnail-1":{"width":100,"height":100,"mime-type":"image\/jpeg","filesize":13326,"url":"https:\/\/museum90.com\/wp-content\/uploads\/2025\/09\/2-Booking-Balkan-Lidija-Dedus-i-Ognjenka-Lakicevic-100x100.jpg"},"loquet-thumbnail-2":{"width":350,"height":350,"mime-type":"image\/jpeg","filesize":38063,"url":"https:\/\/museum90.com\/wp-content\/uploads\/2025\/09\/2-Booking-Balkan-Lidija-Dedus-i-Ognjenka-Lakicevic-350x350.jpg"},"loquet-thumbnail-3":{"width":650,"height":650,"mime-type":"image\/jpeg","filesize":83739,"url":"https:\/\/museum90.com\/wp-content\/uploads\/2025\/09\/2-Booking-Balkan-Lidija-Dedus-i-Ognjenka-Lakicevic-650x650.jpg"},"loquet-thumbnail-4":{"width":500,"height":500,"mime-type":"image\/jpeg","filesize":59464,"url":"https:\/\/museum90.com\/wp-content\/uploads\/2025\/09\/2-Booking-Balkan-Lidija-Dedus-i-Ognjenka-Lakicevic-500x500.jpg"},"loquet-event-1":{"width":640,"height":480,"mime-type":"image\/jpeg","filesize":70431,"url":"https:\/\/museum90.com\/wp-content\/uploads\/2025\/09\/2-Booking-Balkan-Lidija-Dedus-i-Ognjenka-Lakicevic-640x480.jpg"},"loquet-event-2":{"width":345,"height":245,"mime-type":"image\/jpeg","filesize":31339,"url":"https:\/\/museum90.com\/wp-content\/uploads\/2025\/09\/2-Booking-Balkan-Lidija-Dedus-i-Ognjenka-Lakicevic-345x245.jpg"},"loquet-post-1":{"width":1200,"height":780,"mime-type":"image\/jpeg","filesize":154044,"url":"https:\/\/museum90.com\/wp-content\/uploads\/2025\/09\/2-Booking-Balkan-Lidija-Dedus-i-Ognjenka-Lakicevic-1200x780.jpg"},"loquet-post-2":{"width":640,"height":555,"mime-type":"image\/jpeg","filesize":76727,"url":"https:\/\/museum90.com\/wp-content\/uploads\/2025\/09\/2-Booking-Balkan-Lidija-Dedus-i-Ognjenka-Lakicevic-640x555.jpg"},"loquet-post-3":{"width":1200,"height":700,"mime-type":"image\/jpeg","filesize":137308,"url":"https:\/\/museum90.com\/wp-content\/uploads\/2025\/09\/2-Booking-Balkan-Lidija-Dedus-i-Ognjenka-Lakicevic-1200x700.jpg"},"loquet-post-4":{"width":1320,"height":700,"mime-type":"image\/jpeg","filesize":151454,"url":"https:\/\/museum90.com\/wp-content\/uploads\/2025\/09\/2-Booking-Balkan-Lidija-Dedus-i-Ognjenka-Lakicevic-1320x700.jpg"},"loquet-post-5":{"width":960,"height":660,"mime-type":"image\/jpeg","filesize":114823,"url":"https:\/\/museum90.com\/wp-content\/uploads\/2025\/09\/2-Booking-Balkan-Lidija-Dedus-i-Ognjenka-Lakicevic-960x660.jpg"},"loquet-museum-1":{"width":590,"height":440,"mime-type":"image\/jpeg","filesize":62862,"url":"https:\/\/museum90.com\/wp-content\/uploads\/2025\/09\/2-Booking-Balkan-Lidija-Dedus-i-Ognjenka-Lakicevic-590x440.jpg"},"loquet-museum-2":{"width":768,"height":780,"mime-type":"image\/jpeg","filesize":107453,"url":"https:\/\/museum90.com\/wp-content\/uploads\/2025\/09\/2-Booking-Balkan-Lidija-Dedus-i-Ognjenka-Lakicevic-768x780.jpg"},"loquet-museum-3":{"width":527,"height":580,"mime-type":"image\/jpeg","filesize":65764,"url":"https:\/\/museum90.com\/wp-content\/uploads\/2025\/09\/2-Booking-Balkan-Lidija-Dedus-i-Ognjenka-Lakicevic-527x580.jpg"},"loquet-museum-4":{"width":640,"height":770,"mime-type":"image\/jpeg","filesize":86223,"url":"https:\/\/museum90.com\/wp-content\/uploads\/2025\/09\/2-Booking-Balkan-Lidija-Dedus-i-Ognjenka-Lakicevic-640x770.jpg"},"loquet-museum-5":{"width":380,"height":540,"mime-type":"image\/jpeg","filesize":47074,"url":"https:\/\/museum90.com\/wp-content\/uploads\/2025\/09\/2-Booking-Balkan-Lidija-Dedus-i-Ognjenka-Lakicevic-380x540.jpg"},"loquet-magazine-1":{"width":415,"height":245,"mime-type":"image\/jpeg","filesize":33896,"url":"https:\/\/museum90.com\/wp-content\/uploads\/2025\/09\/2-Booking-Balkan-Lidija-Dedus-i-Ognjenka-Lakicevic-415x245.jpg"},"loquet-magazine-2":{"width":650,"height":384,"mime-type":"image\/jpeg","filesize":59966,"url":"https:\/\/museum90.com\/wp-content\/uploads\/2025\/09\/2-Booking-Balkan-Lidija-Dedus-i-Ognjenka-Lakicevic-650x384.jpg"},"loquet-magazine-3":{"width":250,"height":148,"mime-type":"image\/jpeg","filesize":20229,"url":"https:\/\/museum90.com\/wp-content\/uploads\/2025\/09\/2-Booking-Balkan-Lidija-Dedus-i-Ognjenka-Lakicevic-250x148.jpg"},"woocommerce_thumbnail":{"width":300,"height":300,"mime-type":"image\/jpeg","filesize":31879,"url":"https:\/\/museum90.com\/wp-content\/uploads\/2025\/09\/2-Booking-Balkan-Lidija-Dedus-i-Ognjenka-Lakicevic-300x300.jpg"},"woocommerce_single":{"width":600,"height":355,"mime-type":"image\/jpeg","filesize":54352,"url":"https:\/\/museum90.com\/wp-content\/uploads\/2025\/09\/2-Booking-Balkan-Lidija-Dedus-i-Ognjenka-Lakicevic-600x355.jpg"},"woocommerce_gallery_thumbnail":{"width":100,"height":100,"mime-type":"image\/jpeg","filesize":13326,"url":"https:\/\/museum90.com\/wp-content\/uploads\/2025\/09\/2-Booking-Balkan-Lidija-Dedus-i-Ognjenka-Lakicevic-100x100.jpg"}}},"all_day":true,"start_date":"2025-06-21 00:00:00","start_date_details":{"year":"2025","month":"06","day":"21","hour":"00","minutes":"00","seconds":"00"},"end_date":"2025-06-28 23:59:59","end_date_details":{"year":"2025","month":"06","day":"28","hour":"23","minutes":"59","seconds":"59"},"utc_start_date":"2025-06-21 07:00:00","utc_start_date_details":{"year":"2025","month":"06","day":"21","hour":"07","minutes":"00","seconds":"00"},"utc_end_date":"2025-06-29 06:59:59","utc_end_date_details":{"year":"2025","month":"06","day":"29","hour":"06","minutes":"59","seconds":"59"},"timezone":"America\/Los_Angeles","timezone_abbr":"PDT","cost":"","cost_details":{"currency_symbol":"$","currency_code":"USD","currency_position":"prefix","values":[]},"website":"","show_map":true,"show_map_link":true,"hide_from_listings":false,"sticky":false,"featured":false,"categories":[{"name":"Events","slug":"events","term_group":0,"term_taxonomy_id":180,"taxonomy":"tribe_events_cat","description":"","parent":0,"count":59,"filter":"raw","term_order":"2","id":180,"urls":{"self":"https:\/\/museum90.com\/en\/wp-json\/tribe\/events\/v1\/categories\/180","collection":"https:\/\/museum90.com\/en\/wp-json\/tribe\/events\/v1\/categories"}}],"tags":[{"name":"Museum90","slug":"museum90-en","term_group":0,"term_taxonomy_id":179,"taxonomy":"post_tag","description":"","parent":0,"count":30,"filter":"raw","term_order":"4","id":179,"urls":{"self":"https:\/\/museum90.com\/en\/wp-json\/tribe\/events\/v1\/tags\/179","collection":"https:\/\/museum90.com\/en\/wp-json\/tribe\/events\/v1\/tags"}}],"venue":[],"organizer":[],"custom_fields":[],"json_ld":{"@context":"http:\/\/schema.org","@type":"Event","name":"Booking Balkan &#8211; Lidija Dedu\u0161, Ognjenka Laki\u0107evi\u0107","description":"&lt;p&gt;As part of the Booking Balkan program, poets Lidija Dedu\u0161 (Croatia) and Ognjenka Laki\u0107evi\u0107 (Serbia) discussed themes of resistance, women\\'s experience...&lt;\/p&gt;\\n","image":"https:\/\/museum90.com\/wp-content\/uploads\/2025\/09\/2-Booking-Balkan-Lidija-Dedus-i-Ognjenka-Lakicevic.jpg","url":"https:\/\/museum90.com\/en\/event\/booking-balkan-lidija-dedus-ognjenka-lakicevic\/","eventAttendanceMode":"https:\/\/schema.org\/OfflineEventAttendanceMode","eventStatus":"https:\/\/schema.org\/EventScheduled","startDate":"2025-06-21T00:00:00-07:00","endDate":"2025-06-28T23:59:59-07:00","performer":"Organization"}}